{"id":507,"__str__":"Ordem do Dia/Expediente: 9 - Requerimento n\u00ba 150 de 2018 em 11\u00aa Ordin\u00e1ria da 2\u00aa Sess\u00e3o Legislativa da 23\u00aa Legislatura","link_detail_backend":"/sessao/expedientemateria/507","metadata":{},"data_ordem":"2018-05-14","observacao":"O VEREADOR LUIZ FL\u00c1VIO REINUTTI MAIORKY, INFRA-ASSINADO, NO USO DAS ATRIBUI\u00c7\u00d5ES QUE LHES S\u00c3O CONFERIDAS PELO REGIMENTO INTERNO, REQUER A VOSSA EXCEL\u00caNCIA QUE SEJA EXPEDIDO OF\u00cdCIO AO EXCELENT\u00cdSSIMO SR. PREFEITO MUNICIPAL, JOS\u00c9 DA SILVA COELHO NETO, QUE DETERMINE AO SETOR COMPETENTE:\r\n\r\n1.\tPARA QUE FA\u00c7A MELHORIAS NA QUADRA DA VILA S\u00c3O JOS\u00c9, E TAMB\u00c9M DISPONIBILIZE UM VIGIA NO LOCAL, POIS ELA SE TORNOU PONTO DE USU\u00c1RIOS DE DROGAS, E SE ENCONTRA EM ESTADO DE ABANDONO;\r\n2.\tLIMPEZA NA PISTA DE SKATE DO JARDIM COLORADO, DO CAMPO E NO ENTORNO DO CAMPO, ONDE H\u00c1 GALHOS DE \u00c1RVORES E ENTULHOS;\r\n3.\tILUMINA\u00c7\u00c3O NO CAMPO DE FUTEBOL DO JARDIM COLORADO.\r\n","numero_ordem":9,"resultado":"","tipo_votacao":1,"votacao_aberta":null,"registro_aberto":null,"sessao_plenaria":162,"materia":842,"tramitacao":null}