{"id":129,"__str__":"Ordem do Dia/Expediente: 2 - Requerimento n\u00ba 72 de 2017 em 8\u00aa Ordin\u00e1ria da 1\u00aa Sess\u00e3o Legislativa da 23\u00aa Legislatura","link_detail_backend":"/sessao/expedientemateria/129","metadata":{},"data_ordem":"2017-04-17","observacao":"O VEREADOR, JOS\u00c9 JAIME PAULA SILVA, INFRA-ASSINADO, NO USO DAS ATRIBUI\u00c7\u00d5ES QUE LHE S\u00c3O CONFERIDAS PELO REGIMENTO INTERNO, REQUER A VOSSA EXCEL\u00caNCIA, QUE SEJA EXPEDIDO OF\u00cdCIO AO SECRET\u00c1RIO MUNICIPAL DE ASSIST\u00caNCIA, CRISTIANO BENEDITO LAURO, PARABENIZANDO-O, BEM COMO TODA SUA EQUIPE, PELO TRABALHO QUE VEM DESENVOLVENDO FRENTE \u00c0 SECRETARIA MUNICIPAL DE ASSIST\u00caNCIA SOCIAL, PRINCIPALMENTE NO ATENDIMENTO DA POPULA\u00c7\u00c3O CARENTE.","numero_ordem":2,"resultado":"","tipo_votacao":1,"votacao_aberta":null,"registro_aberto":null,"sessao_plenaria":112,"materia":352,"tramitacao":null}