{"id":7006,"__str__":"Requerimento de Vereador(a) n\u00ba 162 de 2026","link_detail_backend":"/materia/7006","metadata":{},"numero":162,"ano":2026,"numero_protocolo":427,"data_apresentacao":"2026-04-06","tipo_apresentacao":"E","data_publicacao":null,"numero_origem_externa":"","ano_origem_externa":null,"data_origem_externa":null,"apelido":"","dias_prazo":null,"data_fim_prazo":null,"em_tramitacao":true,"polemica":false,"objeto":"","complementar":false,"ementa":"Solicita ao Departamento Municipal de Tr\u00e2nsito, para que, junto \u00e0 Concession\u00e1ria EPR Litoral, realize a mudan\u00e7a do tempo do sem\u00e1foro localizado na BR-153 (trevo do Jardim Colorado) para que o tempo daquele sem\u00e1foro seja estendido nos hor\u00e1rios de 6h30 \u00e0s 9h; das 11h30 \u00e0s 13h30; das 16h30 \u00e0s 18h30.","indexacao":"","observacao":"","resultado":"","texto_original":"http://sapl.santoantoniodaplatina.pr.leg.br/media/sapl/public/materialegislativa/2026/7006/req_162-2026.pdf","data_ultima_atualizacao":"2026-04-07T11:58:56.614074-03:00","ip":"170.233.7.88","ultima_edicao":"2026-04-07T11:58:56.491744-03:00","tipo":13,"regime_tramitacao":6,"tipo_origem_externa":null,"local_origem_externa":null,"user":143,"anexadas":[],"autores":[157]}