{"id":6983,"__str__":"Projeto de Lei do Legislativo n\u00ba 4 de 2026","link_detail_backend":"/materia/6983","metadata":{},"numero":4,"ano":2026,"numero_protocolo":403,"data_apresentacao":"2026-03-31","tipo_apresentacao":"E","data_publicacao":null,"numero_origem_externa":"","ano_origem_externa":null,"data_origem_externa":null,"apelido":"","dias_prazo":null,"data_fim_prazo":null,"em_tramitacao":true,"polemica":false,"objeto":"","complementar":false,"ementa":"Denomina Pra\u00e7a Paulo Sebasti\u00e3o de Souza a pra\u00e7a localizada no Parque Municipal Roberto Renn\u00f3.","indexacao":"","observacao":"","resultado":"","texto_original":"http://sapl.santoantoniodaplatina.pr.leg.br/media/sapl/public/materialegislativa/2026/6983/pl_no_04-2026.pdf","data_ultima_atualizacao":"2026-03-31T10:23:07.273777-03:00","ip":"170.233.7.202","ultima_edicao":"2026-03-31T10:23:07.271458-03:00","tipo":9,"regime_tramitacao":1,"tipo_origem_externa":null,"local_origem_externa":null,"user":143,"anexadas":[],"autores":[155]}