{"id":6755,"__str__":"Requerimento de Vereador(a) n\u00ba 899 de 2025","link_detail_backend":"/materia/6755","metadata":{},"numero":899,"ano":2025,"numero_protocolo":2015,"data_apresentacao":"2025-12-10","tipo_apresentacao":"E","data_publicacao":null,"numero_origem_externa":"","ano_origem_externa":null,"data_origem_externa":null,"apelido":"","dias_prazo":null,"data_fim_prazo":null,"em_tramitacao":true,"polemica":false,"objeto":"","complementar":false,"ementa":"Solicita \u00e0 Secretaria Municipal de Sa\u00fade, a continuidade da assist\u00eancia aos autistas de n\u00edvel 3, que n\u00e3o est\u00e3o sendo atendidos, seja por meio de manuten\u00e7\u00e3o tempor\u00e1ria de conv\u00eanio com a rede particular, seja por contratos emergenciais, ou outra forma legal que se ache vi\u00e1vel, desde que seja indispens\u00e1vel o acompanhamento adequado desses autistas, at\u00e9 que a Casa do Autista esteja em perfeito funcionamento.","indexacao":"","observacao":"","resultado":"","texto_original":"http://sapl.santoantoniodaplatina.pr.leg.br/media/sapl/public/materialegislativa/2025/6755/req_899-2025.pdf","data_ultima_atualizacao":"2025-12-18T15:30:14.085797-03:00","ip":"149.78.72.166","ultima_edicao":"2025-12-18T15:30:13.914098-03:00","tipo":13,"regime_tramitacao":6,"tipo_origem_externa":null,"local_origem_externa":null,"user":143,"anexadas":[],"autores":[163]}