{"id":6517,"__str__":"Requerimento de Vereador(a) n\u00ba 730 de 2025","link_detail_backend":"/materia/6517","metadata":{},"numero":730,"ano":2025,"numero_protocolo":1622,"data_apresentacao":"2025-10-17","tipo_apresentacao":"E","data_publicacao":null,"numero_origem_externa":"","ano_origem_externa":null,"data_origem_externa":null,"apelido":"","dias_prazo":null,"data_fim_prazo":null,"em_tramitacao":true,"polemica":false,"objeto":"","complementar":false,"ementa":"Solicita \u00e0 Secretaria Municipal de Sa\u00fade, a possibilidade de disponibilizar um ve\u00edculo para transportar os familiares de internos de Santo Ant\u00f4nio da Platina que est\u00e3o em cl\u00ednicas psiqui\u00e1tricas em outros munic\u00edpios.","indexacao":"","observacao":"","resultado":"","texto_original":"http://sapl.santoantoniodaplatina.pr.leg.br/media/sapl/public/materialegislativa/2025/6517/req_730-2025.pdf","data_ultima_atualizacao":"2025-10-22T15:40:44.805843-03:00","ip":"170.233.7.71","ultima_edicao":"2025-10-22T15:40:44.712169-03:00","tipo":13,"regime_tramitacao":6,"tipo_origem_externa":null,"local_origem_externa":null,"user":143,"anexadas":[],"autores":[160]}