{"id":5970,"__str__":"Requerimento de Vereador(a) n\u00ba 298 de 2025","link_detail_backend":"/materia/5970","metadata":{},"numero":298,"ano":2025,"numero_protocolo":500,"data_apresentacao":"2025-05-05","tipo_apresentacao":"E","data_publicacao":null,"numero_origem_externa":"","ano_origem_externa":null,"data_origem_externa":null,"apelido":"","dias_prazo":null,"data_fim_prazo":null,"em_tramitacao":true,"polemica":false,"objeto":"","complementar":false,"ementa":"Solicita ao Excelent\u00edssimo Prefeito Municipal, que determine \u00e0 Secretaria Municipal de Servi\u00e7os e Obras P\u00fablicas, a \u201copera\u00e7\u00e3o tapa-buracos\u201d na Rua Osvaldo Campos do Amaral e Rua Carmem L\u00facia do Amaral Ren\u00f3, no Renn\u00f3 Park.","indexacao":"","observacao":"","resultado":"","texto_original":"http://sapl.santoantoniodaplatina.pr.leg.br/media/sapl/public/materialegislativa/2025/5970/req_298-2025.pdf","data_ultima_atualizacao":"2025-05-06T14:02:48.882312-03:00","ip":"170.233.7.52","ultima_edicao":"2025-05-06T14:02:48.751796-03:00","tipo":13,"regime_tramitacao":6,"tipo_origem_externa":null,"local_origem_externa":null,"user":143,"anexadas":[],"autores":[157]}