{"id":5789,"__str__":"Requerimento de Vereador(a) n\u00ba 153 de 2025","link_detail_backend":"/materia/5789","metadata":{},"numero":153,"ano":2025,"numero_protocolo":238,"data_apresentacao":"2025-03-24","tipo_apresentacao":"E","data_publicacao":null,"numero_origem_externa":"","ano_origem_externa":null,"data_origem_externa":null,"apelido":"","dias_prazo":null,"data_fim_prazo":null,"em_tramitacao":true,"polemica":false,"objeto":"","complementar":false,"ementa":"Solicita que seja expedido of\u00edcio ao Excelent\u00edssimo Deputado Estadual Mauro Moraes, agradecendo-lhe pela destina\u00e7\u00e3o de R$ 100.000,00 (cem mil reais) para a reforma do Col\u00e9gio Estadual Edith de Souza Prado de Oliveira, em Santo Ant\u00f4nio da Platina, atendendo ao pedido deste vereador.","indexacao":"","observacao":"","resultado":"","texto_original":"http://sapl.santoantoniodaplatina.pr.leg.br/media/sapl/public/materialegislativa/2025/5789/req_153-2025.pdf","data_ultima_atualizacao":"2025-03-27T15:39:15.192028-03:00","ip":"170.233.6.239","ultima_edicao":"2025-03-27T15:39:15.067157-03:00","tipo":13,"regime_tramitacao":6,"tipo_origem_externa":null,"local_origem_externa":null,"user":143,"anexadas":[],"autores":[13]}