{"id":5692,"__str__":"Requerimento de Vereador(a) n\u00ba 47 de 2025","link_detail_backend":"/materia/5692","metadata":{},"numero":47,"ano":2025,"numero_protocolo":122,"data_apresentacao":"2025-03-06","tipo_apresentacao":"E","data_publicacao":null,"numero_origem_externa":"","ano_origem_externa":null,"data_origem_externa":null,"apelido":"","dias_prazo":null,"data_fim_prazo":null,"em_tramitacao":true,"polemica":false,"objeto":"","complementar":false,"ementa":"Solicita ao Excelent\u00edssimo Prefeito Municipal, que determine \u00e0 Secretaria Municipal de Sa\u00fade, a instala\u00e7\u00e3o de 3 (tr\u00eas) ares condicionados na Unidade de Aten\u00e7\u00e3o Prim\u00e1ria da Sa\u00fade da Fam\u00edlia (Centro Social), e 2 (dois) ares condicionados na UBS da Vila Claro.","indexacao":"","observacao":"","resultado":"","texto_original":"http://sapl.santoantoniodaplatina.pr.leg.br/media/sapl/public/materialegislativa/2025/5692/req_47-2025.pdf","data_ultima_atualizacao":"2025-03-11T15:31:42.440717-03:00","ip":"170.233.6.212","ultima_edicao":"2025-03-11T15:31:42.307154-03:00","tipo":13,"regime_tramitacao":6,"tipo_origem_externa":null,"local_origem_externa":null,"user":143,"anexadas":[],"autores":[158]}