{"id":5661,"__str__":"Requerimento de Vereador(a) n\u00ba 52 de 2025","link_detail_backend":"/materia/5661","metadata":{},"numero":52,"ano":2025,"numero_protocolo":82,"data_apresentacao":"2025-02-24","tipo_apresentacao":"E","data_publicacao":null,"numero_origem_externa":"","ano_origem_externa":null,"data_origem_externa":null,"apelido":"","dias_prazo":null,"data_fim_prazo":null,"em_tramitacao":true,"polemica":false,"objeto":"","complementar":false,"ementa":"Solicita que seja expedido of\u00edcio ao Deputado Estadual Terc\u00edlio Turini, agradecendo-lhe pela destina\u00e7\u00e3o de um micro-\u00f4nibus \u00e0 Secretaria Municipal de Sa\u00fade no valor de R$ 450.000,00 (quatrocentos e cinquenta mil reais), al\u00e9m de R$ 50.000,00 (cinquenta mil reais) para o Asilo S\u00e3o Francisco de Assis.","indexacao":"","observacao":"","resultado":"","texto_original":"http://sapl.santoantoniodaplatina.pr.leg.br/media/sapl/public/materialegislativa/2025/5661/req_52-2025.pdf","data_ultima_atualizacao":"2025-03-03T10:40:16.548392-03:00","ip":"149.78.71.10","ultima_edicao":"2025-03-03T10:40:16.409423-03:00","tipo":13,"regime_tramitacao":6,"tipo_origem_externa":null,"local_origem_externa":null,"user":143,"anexadas":[],"autores":[157]}