{"id":5618,"__str__":"Requerimento de Vereador(a) n\u00ba 12 de 2025","link_detail_backend":"/materia/5618","metadata":{},"numero":12,"ano":2025,"numero_protocolo":34,"data_apresentacao":"2025-02-14","tipo_apresentacao":"E","data_publicacao":null,"numero_origem_externa":"","ano_origem_externa":null,"data_origem_externa":null,"apelido":"","dias_prazo":null,"data_fim_prazo":null,"em_tramitacao":true,"polemica":false,"objeto":"","complementar":false,"ementa":"Solicita \u00e0 Ag\u00eancia Nacional de Telecomunica\u00e7\u00f5es \u2013 ANATEL a instala\u00e7\u00e3o de uma torre telef\u00f4nica nos arredores do Distrito de Monte Real, em Santo Ant\u00f4nio da Platina.","indexacao":"","observacao":"","resultado":"","texto_original":"http://sapl.santoantoniodaplatina.pr.leg.br/media/sapl/public/materialegislativa/2025/5618/req_12-2025.pdf","data_ultima_atualizacao":"2025-02-19T10:13:24.909363-03:00","ip":"170.233.7.252","ultima_edicao":"2025-02-19T10:13:24.718519-03:00","tipo":13,"regime_tramitacao":6,"tipo_origem_externa":null,"local_origem_externa":null,"user":143,"anexadas":[],"autores":[161]}