{"id":499,"__str__":"Requerimento n\u00ba 182 de 2017","link_detail_backend":"/materia/499","metadata":{},"numero":182,"ano":2017,"numero_protocolo":null,"data_apresentacao":"2017-09-04","tipo_apresentacao":"","data_publicacao":null,"numero_origem_externa":"","ano_origem_externa":null,"data_origem_externa":null,"apelido":"","dias_prazo":null,"data_fim_prazo":null,"em_tramitacao":false,"polemica":null,"objeto":"","complementar":null,"ementa":"O VEREADOR, GENIVALDO MARQUES, INFRA-ASSINADO, NO USO DAS ATRIBUI\u00c7\u00d5ES QUE LHE S\u00c3O CONFERIDAS PELO REGIMENTO INTERNO, REQUER A VOSSA EXCEL\u00caNCIA, QUE SEJA EXPEDIDO OF\u00cdCIO AO EXCELENT\u00cdSSIMO PREFEITO MUNICIPAL, JOS\u00c9 DA SILVA COELHO NETO, SOLICITANDO-LHE:\r\n1.\tRECAPE ASF\u00c1LTICO DAS RUAS DA VILA RIBEIRO, BEM COMO PASSAGEM DE M\u00c1QUINA NO PER\u00cdMETRO DA RUA PARAN\u00c1 QUE N\u00c3O POSSUI ASFALTO; \r\n2.\tOPERA\u00c7\u00c3O TAPA-BURACO NA RUA CLEMENTE JOS\u00c9 DE CARVALHO, NO N. HAB. PREF. DR. JAMIDAS ANTUNES RODRIGUES; \r\n3.\tPASSAGEM DE ROLO COMPACTADOR NAS RUAS A E B NO APARECIDINHO III;\r\n4.\tIMPLANTA\u00c7\u00c3O DE PADRONIZA\u00c7\u00c3O DE CORES E FAIXAS REFLETIVAS NAS CA\u00c7AMBAS E LIXEIRAS; \r\n5.\tINFORMA\u00c7\u00d5ES SOBRE A CONTRATA\u00c7\u00c3O DA EMPRESA QUE PRESTA SERVI\u00c7OS DE INTRANET E INTERNET, PORQUE O VALOR LICITADO EST\u00c1 MAIOR QUE O SERVI\u00c7O EXECUTADO;\r\n6.\tQUE ENCAMINHE A ESTA CASA A RELA\u00c7\u00c3O DE TODOS OS SECRET\u00c1RIOS E DIRETORES MUNICIPAIS, COM A DISCRIMINA\u00c7\u00c3O DOS SETORES QUE CADA UM OCUPA.\r\n","indexacao":"","observacao":"","resultado":"","texto_original":"http://sapl.santoantoniodaplatina.pr.leg.br/media/sapl/public/materialegislativa/2017/499/499_texto_integral.pdf","data_ultima_atualizacao":"2018-10-15T12:54:43.603945-03:00","ip":"","ultima_edicao":null,"tipo":3,"regime_tramitacao":6,"tipo_origem_externa":null,"local_origem_externa":null,"user":null,"anexadas":[],"autores":[16]}