{"id":4501,"__str__":"Requerimento de Vereador(a) n\u00ba 202 de 2023","link_detail_backend":"/materia/4501","metadata":{},"numero":202,"ano":2023,"numero_protocolo":527,"data_apresentacao":"2023-04-13","tipo_apresentacao":"E","data_publicacao":null,"numero_origem_externa":"","ano_origem_externa":null,"data_origem_externa":null,"apelido":"","dias_prazo":null,"data_fim_prazo":null,"em_tramitacao":true,"polemica":false,"objeto":"","complementar":false,"ementa":"Solicita ao Excelent\u00edssimo DEPUTADO ESTADUAL ADEMAR TRAIANO, Presidente da Assembleia Legislativa do Estado do Paran\u00e1 para que inclua no calend\u00e1rio do Projeto Assembleia Itinerante a cidade de Santo Ant\u00f4nio da Platina, entre os dias 16 a 20 de agosto de 2023, onde ser\u00e1 realizada a festa EFAPI \u2013 EXPO 2023, criando um importante canal direto entre a sociedade e o Legislativo.","indexacao":"","observacao":"","resultado":"","texto_original":"http://sapl.santoantoniodaplatina.pr.leg.br/media/sapl/public/materialegislativa/2023/4501/202-2023.pdf","data_ultima_atualizacao":"2023-04-13T16:00:25.929727-03:00","ip":"187.94.159.57","ultima_edicao":"2023-04-13T16:00:25.929373-03:00","tipo":13,"regime_tramitacao":6,"tipo_origem_externa":null,"local_origem_externa":null,"user":143,"anexadas":[],"autores":[20]}