{"id":4500,"__str__":"Requerimento de Vereador(a) n\u00ba 201 de 2023","link_detail_backend":"/materia/4500","metadata":{},"numero":201,"ano":2023,"numero_protocolo":526,"data_apresentacao":"2023-04-13","tipo_apresentacao":"E","data_publicacao":null,"numero_origem_externa":"","ano_origem_externa":null,"data_origem_externa":null,"apelido":"","dias_prazo":null,"data_fim_prazo":null,"em_tramitacao":true,"polemica":false,"objeto":"","complementar":false,"ementa":"Solicita ao Excelent\u00edssimo DEPUTADO ESTADUAL COBRA REP\u00d3RTER que interceda por nosso munic\u00edpio no sentido de incluir no calend\u00e1rio do Projeto Assembleia Itinerante a cidade de Santo Ant\u00f4nio da Platina, entre os dias 16 a 20 de agosto de 2023, onde ser\u00e1 realizada a festa EFAPI \u2013 EXPO 2023, criando um importante canal direto entre a sociedade e o Legislativo.","indexacao":"","observacao":"","resultado":"","texto_original":"http://sapl.santoantoniodaplatina.pr.leg.br/media/sapl/public/materialegislativa/2023/4500/201-2023.pdf","data_ultima_atualizacao":"2023-04-13T15:58:41.515392-03:00","ip":"187.94.159.57","ultima_edicao":"2023-04-13T15:58:41.514912-03:00","tipo":13,"regime_tramitacao":6,"tipo_origem_externa":null,"local_origem_externa":null,"user":143,"anexadas":[],"autores":[143]}