{"id":4299,"__str__":"Requerimento de Vereador(a) n\u00ba 32 de 2023","link_detail_backend":"/materia/4299","metadata":{},"numero":32,"ano":2023,"numero_protocolo":79,"data_apresentacao":"2023-02-27","tipo_apresentacao":"E","data_publicacao":null,"numero_origem_externa":"","ano_origem_externa":null,"data_origem_externa":null,"apelido":"","dias_prazo":null,"data_fim_prazo":null,"em_tramitacao":true,"polemica":false,"objeto":"","complementar":false,"ementa":"Solicita \u00e0 Secretaria Municipal de Servi\u00e7os e Obras para que tome as seguintes provid\u00eancias:\r\n\r\n1.\tLimpeza com urg\u00eancia do campinho, e da academia ao ar-livre da Vila Rica, recolhendo o entulho ali acumulado.\r\n2.\tOpera\u00e7\u00e3o tapa buraco em todas as ruas transversais da Vila Rica, e n\u00e3o s\u00f3 na rua principal que faz conex\u00e3o \u00e0 Rodovia, visto que as mesmas se encontram em p\u00e9ssimo estado de conserva\u00e7\u00e3o.\r\n3.\tMedidas para limpeza do mato, utilizando veneno mata mato nas cal\u00e7adas e meios-fios da Vila Rica.\r\n4.\tVerificar as margens do rio e realizar a manuten\u00e7\u00e3o do mesmo para corrigir um grave problema de eros\u00e3o no rio da Vila Rica.\r\n5.\tOpera\u00e7\u00e3o tapa buraco na Rua Ant\u00f4nio de Castro Vilas Boas, que ap\u00f3s as chuvas encontra-se em p\u00e9ssimo estado de conserva\u00e7\u00e3o.\r\n6.\tLimpeza dos bueiros localizados na Rua Prefeito Arnolfo Alves, no Aparecidinho I, na altura do n\u00ba 41, pr\u00f3ximo ao CRAS.\r\n7.\tPassagem de m\u00e1quina e devida manuten\u00e7\u00e3o na Rua Jo\u00e3o Ign\u00e1cio Cirino, no Jardim Ivone, tendo em vista mau estado de conserva\u00e7\u00e3o dessa rua, o que \u00e9 motivo de constantes reclama\u00e7\u00f5es dos moradores que utilizam essa via para o seu deslocamento.\r\n8.\tAvalie com urg\u00eancia a condi\u00e7\u00e3o de \u00e1rvores localizadas na Rua Jo\u00e3o Ign\u00e1cio Cirino, no Jardim Ivone II, devido ao risco iminente de queda e de acidente.\r\n9.\tManuten\u00e7\u00e3o na Rua Sebasti\u00e3o Rom\u00e3o de Souza no Jardim Ivone, pois nesse local mora uma pessoa cadeirante, que possui grande dificuldade de locomo\u00e7\u00e3o devido \u00e0 situa\u00e7\u00e3o prec\u00e1ria do logradouro.","indexacao":"","observacao":"","resultado":"","texto_original":"http://sapl.santoantoniodaplatina.pr.leg.br/media/sapl/public/materialegislativa/2023/4299/32-2023.pdf","data_ultima_atualizacao":"2023-02-27T17:03:49.101257-03:00","ip":"187.94.159.57","ultima_edicao":"2023-02-27T17:03:49.100915-03:00","tipo":13,"regime_tramitacao":6,"tipo_origem_externa":null,"local_origem_externa":null,"user":143,"anexadas":[],"autores":[143]}