{"id":4273,"__str__":"Requerimento de Vereador(a) n\u00ba 7 de 2023","link_detail_backend":"/materia/4273","metadata":{},"numero":7,"ano":2023,"numero_protocolo":53,"data_apresentacao":"2023-02-27","tipo_apresentacao":"E","data_publicacao":null,"numero_origem_externa":"","ano_origem_externa":null,"data_origem_externa":null,"apelido":"","dias_prazo":null,"data_fim_prazo":null,"em_tramitacao":true,"polemica":false,"objeto":"","complementar":false,"ementa":"Agradece \u00e0 SENHORA ALINE DE F\u00c1TIMA DAM\u00c1SIO CAETANO, Diretora do Departamento de Cultura, pelo trabalho e dedica\u00e7\u00e3o desempenhado nestes \u00faltimos 2 meses, que mesmo estando em recesso parlamentar sempre atendeu com presteza.","indexacao":"","observacao":"","resultado":"","texto_original":"http://sapl.santoantoniodaplatina.pr.leg.br/media/sapl/public/materialegislativa/2023/4273/07-2023.pdf","data_ultima_atualizacao":"2023-02-27T13:46:44.735028-03:00","ip":"187.94.159.57","ultima_edicao":"2023-02-27T13:46:44.734709-03:00","tipo":13,"regime_tramitacao":6,"tipo_origem_externa":null,"local_origem_externa":null,"user":143,"anexadas":[],"autores":[143]}