{"id":372,"__str__":"Requerimento n\u00ba 87 de 2017","link_detail_backend":"/materia/372","metadata":{},"numero":87,"ano":2017,"numero_protocolo":null,"data_apresentacao":"2017-04-24","tipo_apresentacao":"","data_publicacao":null,"numero_origem_externa":"","ano_origem_externa":null,"data_origem_externa":null,"apelido":"","dias_prazo":null,"data_fim_prazo":null,"em_tramitacao":true,"polemica":null,"objeto":"","complementar":null,"ementa":"O VEREADOR, JOS\u00c9 JAIME PAULA SILVA, INFRA-ASSINADO, NO USO DAS ATRIBUI\u00c7\u00d5ES QUE LHE S\u00c3O CONFERIDAS PELO REGIMENTO INTERNO, REQUER A VOSSA EXCEL\u00caNCIA, QUE SEJA EXPEDIDO OF\u00cdCIO AO EXCELENT\u00cdSSIMO PREFEITO MUNICIPAL, JOS\u00c9 DA SILVA COELHO NETO, SOLICITANDO-LHE:\r\n&#8226;\tMANUTEN\u00c7\u00c3O DA ILUMINA\u00c7\u00c3O DA RODOVI\u00c1RIA, BEM COMO DOS DEMAIS LOCAIS QUE EST\u00c3O COM L\u00c2MPADAS QUEIMADAS;\r\n&#8226;\tLIMPEZA DO CEMIT\u00c9RIO PARQUE DAS OLIVEIRAS, ONDE A SITUA\u00c7\u00c3O EST\u00c1 HORR\u00cdVEL.\r\n","indexacao":"","observacao":"","resultado":"","texto_original":"http://sapl.santoantoniodaplatina.pr.leg.br/media/sapl/public/materialegislativa/2017/372/372_texto_integral.pdf","data_ultima_atualizacao":"2018-10-15T12:54:42.341569-03:00","ip":"","ultima_edicao":null,"tipo":3,"regime_tramitacao":6,"tipo_origem_externa":null,"local_origem_externa":null,"user":null,"anexadas":[],"autores":[5]}