{"id":354,"__str__":"Requerimento n\u00ba 74 de 2017","link_detail_backend":"/materia/354","metadata":{},"numero":74,"ano":2017,"numero_protocolo":null,"data_apresentacao":"2017-04-18","tipo_apresentacao":"","data_publicacao":null,"numero_origem_externa":"","ano_origem_externa":null,"data_origem_externa":null,"apelido":"","dias_prazo":null,"data_fim_prazo":null,"em_tramitacao":true,"polemica":null,"objeto":"","complementar":null,"ementa":"O VEREADOR, JEFFERSON VERNIER, INFRA-ASSINADO, NO USO DAS ATRIBUI\u00c7\u00d5ES QUE LHE S\u00c3O CONFERIDAS PELO REGIMENTO INTERNO, REQUER A VOSSA EXCEL\u00caNCIA, QUE SEJA EXPEDIDO OF\u00cdCIO AO EXCELENT\u00cdSSIMO SENHOR PREFEITO MUNICIPAL, JOS\u00c9 DA SILVA COELHO NETO, SOLICITANDO-LHE: \r\n&#8226;\tMELHORIAS NA RUA VITA MARIA LAMPARELLI, NO VILAGGIO PLANALTO;\r\n&#8226;\tRECAPE ASF\u00c1LTICO NO JARDIM BELA VISTA I, PRINCIPALMENTE DAS IMEDIA\u00c7\u00d5ES DO ARROZ DILMA.\r\n","indexacao":"","observacao":"","resultado":"","texto_original":"http://sapl.santoantoniodaplatina.pr.leg.br/media/sapl/public/materialegislativa/2017/354/354_texto_integral.pdf","data_ultima_atualizacao":"2018-10-15T12:54:43.103714-03:00","ip":"","ultima_edicao":null,"tipo":3,"regime_tramitacao":6,"tipo_origem_externa":null,"local_origem_externa":null,"user":null,"anexadas":[],"autores":[18]}