{"id":353,"__str__":"Requerimento n\u00ba 73 de 2017","link_detail_backend":"/materia/353","metadata":{},"numero":73,"ano":2017,"numero_protocolo":null,"data_apresentacao":"2017-04-17","tipo_apresentacao":"","data_publicacao":null,"numero_origem_externa":"","ano_origem_externa":null,"data_origem_externa":null,"apelido":"","dias_prazo":null,"data_fim_prazo":null,"em_tramitacao":true,"polemica":null,"objeto":"","complementar":null,"ementa":"O VEREADOR, JOS\u00c9 JAIME PAULA SILVA, INFRA-ASSINADO, NO USO DAS ATRIBUI\u00c7\u00d5ES QUE LHE S\u00c3O CONFERIDAS PELO REGIMENTO INTERNO, REQUER A VOSSA EXCEL\u00caNCIA, QUE SEJA EXPEDIDO OF\u00cdCIO AO EXCELENT\u00cdSSIMO PREFEITO MUNICIPAL, JOS\u00c9 DA SILVA COELHO NETO, SOLICITANDO-LHE QUE:\r\n&#8226;\tDETERMINE \u00c0 SECRETARIA MUNICIPAL DE SERVI\u00c7OS E OBRAS P\u00daBLICAS QUE PROCEDA MANUTEN\u00c7\u00c3O NAS RUAS DA VILA COELHO;\r\n&#8226;\tDETERMINE \u00c0 SECRETARIA MUNICIPAL DE SA\u00daDE QUE PROCEDA A ESTUDOS PARA REAJUSTAR O SAL\u00c1RIO DOS MOTORISTAS DO SAMU, QUE N\u00c3O ATENDE AO TETO ESTADUAL E N\u00c3O SOFRE REAJUSTE INFLACION\u00c1RIO H\u00c1 4 ANOS, BEM COMO TOME PROVID\u00caNCIAS QUANTO AS F\u00c9RIAS VENCIDAS DOS FUNCION\u00c1RIOS DA UNIDADE, QUE J\u00c1 CHEGA AO SEU TERCEIRO ANO.\r\n","indexacao":"","observacao":"","resultado":"","texto_original":"http://sapl.santoantoniodaplatina.pr.leg.br/media/sapl/public/materialegislativa/2017/353/353_texto_integral.pdf","data_ultima_atualizacao":"2018-10-15T12:54:42.682850-03:00","ip":"","ultima_edicao":null,"tipo":3,"regime_tramitacao":6,"tipo_origem_externa":null,"local_origem_externa":null,"user":null,"anexadas":[],"autores":[5]}