{"id":301,"__str__":"Requerimento n\u00ba 23 de 2017","link_detail_backend":"/materia/301","metadata":{},"numero":23,"ano":2017,"numero_protocolo":null,"data_apresentacao":"2017-03-13","tipo_apresentacao":"","data_publicacao":null,"numero_origem_externa":"","ano_origem_externa":null,"data_origem_externa":null,"apelido":"","dias_prazo":null,"data_fim_prazo":null,"em_tramitacao":true,"polemica":null,"objeto":"","complementar":null,"ementa":"O VEREADOR, JOS\u00c9 JAIME PAULA SILVA, INFRA-ASSINADO, NO USO DAS ATRIBUI\u00c7\u00d5ES QUE LHE S\u00c3O CONFERIDAS PELO REGIMENTO INTERNO, REQUER A VOSSA EXCEL\u00caNCIA QUE SEJA EXPEDIDO OF\u00cdCIO AO GERENTE REGIONAL DA SANEPAR, JUAREZ ANT\u00d4NIO WOLLZ, PARABENIZANDO-O, BEM COMO AO CONSULTOR ESTRAT\u00c9GIO FL\u00c1VIO LUIZ MAIORKY, E TODA A EQUIPE DA REGIONAL DE SANTO ANT\u00d4NIO DA PLATINA, PELO EXCELENTE SERVI\u00c7O QUE VEM PRESTANDO AO NOSSO MUNIC\u00cdPIO.","indexacao":"","observacao":"","resultado":"","texto_original":"http://sapl.santoantoniodaplatina.pr.leg.br/media/sapl/public/materialegislativa/2017/301/301_texto_integral.pdf","data_ultima_atualizacao":"2018-10-15T12:54:42.617825-03:00","ip":"","ultima_edicao":null,"tipo":3,"regime_tramitacao":6,"tipo_origem_externa":null,"local_origem_externa":null,"user":null,"anexadas":[],"autores":[5]}