{"id":290,"__str__":"Requerimento n\u00ba 14 de 2017","link_detail_backend":"/materia/290","metadata":{},"numero":14,"ano":2017,"numero_protocolo":null,"data_apresentacao":"2017-03-06","tipo_apresentacao":"","data_publicacao":null,"numero_origem_externa":"","ano_origem_externa":null,"data_origem_externa":null,"apelido":"","dias_prazo":null,"data_fim_prazo":null,"em_tramitacao":true,"polemica":null,"objeto":"","complementar":null,"ementa":"O VEREADOR, JOS\u00c9 JAIME PAULA SILVA, INFRA-ASSINADO, NO USO DAS ATRIBUI\u00c7\u00d5ES QUE LHE S\u00c3O CONFERIDAS PELO REGIMENTO INTERNO, REQUER A VOSSA EXCEL\u00caNCIA, QUE SEJA EXPEDIDO OF\u00cdCIO AO EXCELENT\u00cdSSIMO SENHOR M\u00c1RIO PEREIRA, PARABENIZANDO-O PELA POSSE NA PRESID\u00caNCIA DA AMUNORPI, E DESEJANDO-LHE MUITO SUCESSO EM SEU MANDATO.","indexacao":"","observacao":"","resultado":"","texto_original":"http://sapl.santoantoniodaplatina.pr.leg.br/media/sapl/public/materialegislativa/2017/290/290_texto_integral.pdf","data_ultima_atualizacao":"2018-10-15T12:54:42.399047-03:00","ip":"","ultima_edicao":null,"tipo":3,"regime_tramitacao":6,"tipo_origem_externa":null,"local_origem_externa":null,"user":null,"anexadas":[],"autores":[5]}