{"id":285,"__str__":"Requerimento n\u00ba 9 de 2017","link_detail_backend":"/materia/285","metadata":{},"numero":9,"ano":2017,"numero_protocolo":null,"data_apresentacao":"2017-03-06","tipo_apresentacao":"","data_publicacao":null,"numero_origem_externa":"","ano_origem_externa":null,"data_origem_externa":null,"apelido":"","dias_prazo":null,"data_fim_prazo":null,"em_tramitacao":true,"polemica":null,"objeto":"","complementar":null,"ementa":"O VEREADOR, GENIVALDO MARQUES, INFRA-ASSINADO, NO USO DAS ATRIBUI\u00c7\u00d5ES QUE LHE S\u00c3O CONFERIDAS PELO REGIMENTO INTERNO, REQUER A VOSSA EXCEL\u00caNCIA, QUE SEJA EXPEDIDO OF\u00cdCIO AO EXCELENT\u00cdSSIMO PREFEITO MUNICIPAL, JOS\u00c9 DA SILVA COELHO NETO, SOLICITANDO-LHE:\r\n&#8226;\tPAVIMENTA\u00c7\u00c3O ASF\u00c1LTICA DAS RUAS NARLEY VELASCO GON\u00c7ALVES, BENEDITO VILLAS B\u00d4AS DE CARVALHO, AURORA, CURITIBA, PARAN\u00c1, DO N\u00daCLEO HABITACIONAL DEP. JOS\u00c9 AFONSO, DO APARECIDINHO III, JARDIM ELDORADO;\r\n&#8226;\tPAVIMENTA\u00c7\u00c3O ASF\u00c1LTICA E REDE DE ESGOTA NA RUA AMAZONAS;\r\n&#8226;\tIMPLANTA\u00c7\u00c3O DE REDE DE ESGOTO DO RESIDENCIAL JO\u00c3O FURTADO DOS SANTOS;\r\n&#8226;\tPASSAGEM DE M\u00c1QUINA MOTONIVELADORA NO PARQUE VISTA ALEGRE, PRINCIPALMENTE DA RUA FLAUZINA MARCONDES MARQUES; \r\n&#8226;\tCOBERTURA DO PONTO DE TAXI NAS RUAS RUY BARBOSA E 24 DE MAIO, BEM COMO IMPLANTA\u00c7\u00c3O DE \u00c1GUA ENCANADA NO PONTO DE TAXI DA RUA RUY BARBOSA; \r\n&#8226;\tIMPLANTA\u00c7\u00c3O DE ACADEMIA DA TERCEIRA IDADE NO CONJUNTO \u00c1LVARO DE ABREU, ENTRE AS RUAS 1 E 2; \r\n&#8226;\tCONSTRU\u00c7\u00c3O DE BANHEIRO P\u00daBLICO NA PRA\u00c7A DO MONTE REAL, AO LADO DA IGREJA;\r\n&#8226;\tPASSAGEM DE M\u00c1QUINA NA ESTRADA SANTA VER\u00d4NICA, NO MONTE REAL, NAS PROXIMIDADES DE ONDE EXISTIA O CAMPO, PARA PASSAGEM DO TRANSPORTE ESCOLAR; \r\n&#8226;\tIMPLANTA\u00c7\u00c3O DE LOMBADAS NA RUA D\u00c1RIO VILELA BITENCOURT; \r\n&#8226;\tGUARDA NOTURNO NOS QUIOSQUES DO CAL\u00c7AD\u00c3O;\r\n&#8226;\tSEGURAN\u00c7A PARA O CMEI HERIVELTO DE SOUZA PRADO, BEM COMO IN\u00cdCIO DE SUAS ATIVIDADES;\r\n&#8226;\tIN\u00cdCIO DAS ATIVIDADES DO CMEI S\u00c3O GABRIEL; \r\n&#8226;\tIN\u00cdCIO DAS ATIVIDADES DA UBS DO \u00c1LVARO DE ABREU; \r\n&#8226;\tIMPLANTA\u00c7\u00c3O DE LIXEIRAS NO CENTRO DA CIDADE; \r\n&#8226;\tQUE A SECRET\u00c1RIA MUNICIPAL DE SA\u00daDE AVERIG\u00daE AS CAUSAS DO \u00d3BITO DE UMA PESSOA NO PRONTO SOCORRO E RESPONSABILIZE QUEM DEU CAUSA A ISSO; \r\n&#8226;\tIMPLANTA\u00c7\u00c3O DE TRAVES DE GOL NA QUADRA DA ESCOLA MUNICIPAL VILMA LONGO; \r\n&#8226;\tMANUTEN\u00c7\u00c3O DO CAMPINHO DE FUTEBOL DO N\u00daCLEO HABITACIONAL DEPUTADO JOS\u00c9 AFONSO; \r\n&#8226;\tCOBERTURA PARA PONTO DE \u00d4NIBUS NO JARDIM COLORADO E DEMAIS BAIRROS NECESS\u00c1RIOS; \r\n&#8226;\tEXTENS\u00c3O DO TRANSPORTE P\u00daBLICO AT\u00c9 O \u00c1LVARO DE ABREU.\r\n","indexacao":"","observacao":"","resultado":"","texto_original":"http://sapl.santoantoniodaplatina.pr.leg.br/media/sapl/public/materialegislativa/2017/285/285_texto_integral.pdf","data_ultima_atualizacao":"2018-10-15T12:54:42.390141-03:00","ip":"","ultima_edicao":null,"tipo":3,"regime_tramitacao":6,"tipo_origem_externa":null,"local_origem_externa":null,"user":null,"anexadas":[],"autores":[16]}