{"id":2639,"__str__":"Requerimento n\u00ba 632 de 2020","link_detail_backend":"/materia/2639","metadata":{},"numero":632,"ano":2020,"numero_protocolo":null,"data_apresentacao":"2020-12-14","tipo_apresentacao":"E","data_publicacao":null,"numero_origem_externa":"","ano_origem_externa":null,"data_origem_externa":null,"apelido":"","dias_prazo":null,"data_fim_prazo":null,"em_tramitacao":false,"polemica":false,"objeto":"","complementar":false,"ementa":"ao Excelent\u00edssimo Prefeito Municipal, Senhor Jos\u00e9 da Silva Coelho Neto, solicitando-lhe que intensifique a comunica\u00e7\u00e3o \u00e0 popula\u00e7\u00e3o, principalmente por meio dos canais oficiais desta Prefeitura na internet, sobre a \u00e1rea de abrang\u00eancia da Zona Azul, com indica\u00e7\u00e3o das ruas \u2013 refor\u00e7ando divulga\u00e7\u00e3o que vem sendo feita pelos agentes da Zona Azul nos \u00faltimos dias.","indexacao":"","observacao":"","resultado":"","texto_original":"http://sapl.santoantoniodaplatina.pr.leg.br/media/sapl/public/materialegislativa/2020/2639/632-2020.pdf","data_ultima_atualizacao":"2020-12-15T14:16:45.977242-03:00","ip":"187.94.159.57","ultima_edicao":"2020-12-15T14:05:33.152629-03:00","tipo":3,"regime_tramitacao":6,"tipo_origem_externa":null,"local_origem_externa":null,"user":138,"anexadas":[],"autores":[16]}