{"id":2070,"__str__":"Requerimento n\u00ba 642 de 2019","link_detail_backend":"/materia/2070","metadata":{},"numero":642,"ano":2019,"numero_protocolo":null,"data_apresentacao":"2019-12-09","tipo_apresentacao":"E","data_publicacao":null,"numero_origem_externa":"","ano_origem_externa":null,"data_origem_externa":null,"apelido":"","dias_prazo":null,"data_fim_prazo":null,"em_tramitacao":false,"polemica":null,"objeto":"","complementar":null,"ementa":"Ao Excelent\u00edssimo Prefeito Municipal, Senhor Jos\u00e9 da Silva Coelho Neto, solicitando-lhe que, juntamente com a Secretaria Municipal de Assist\u00eancia Social, providencie uma cobertura e grade de prote\u00e7\u00e3o no CRAS, que \u00e9 utilizado por idosos para pratica de atividades f\u00edsicas, oficinas e outros programas sociais oferecidos nessa unidade.","indexacao":"","observacao":"","resultado":"","texto_original":"http://sapl.santoantoniodaplatina.pr.leg.br/media/sapl/public/materialegislativa/2019/2070/642-2019.pdf","data_ultima_atualizacao":"2020-05-21T11:08:45.501314-03:00","ip":"187.94.159.57","ultima_edicao":"2020-05-21T11:08:16.447933-03:00","tipo":3,"regime_tramitacao":6,"tipo_origem_externa":null,"local_origem_externa":null,"user":138,"anexadas":[],"autores":[16]}