{"id":1837,"__str__":"Requerimento n\u00ba 578 de 2019","link_detail_backend":"/materia/1837","metadata":{},"numero":578,"ano":2019,"numero_protocolo":null,"data_apresentacao":"2019-11-11","tipo_apresentacao":"E","data_publicacao":null,"numero_origem_externa":"","ano_origem_externa":null,"data_origem_externa":null,"apelido":"","dias_prazo":null,"data_fim_prazo":null,"em_tramitacao":false,"polemica":null,"objeto":"","complementar":null,"ementa":"Ao Excelent\u00edssimo Prefeito Municipal, Senhor Jos\u00e9 da Silva Coelho Neto, e a Secret\u00e1ria Municipal de Sa\u00fade, Senhora Gislaine Galv\u00e3o In\u00e1cio dos Santos, solicitando-lhes que estudem a possibilidade de designar mais um m\u00e9dico para a UBS do \u00c1lvaro de Abreu, tendo em vista que um \u00fanico profissional n\u00e3o consegue, de maneira satisfat\u00f3ria, atender a demanda de consultas naquela unidade, conforme reclama\u00e7\u00f5es da popula\u00e7\u00e3o que procuram a unidade.","indexacao":"","observacao":"","resultado":"","texto_original":"http://sapl.santoantoniodaplatina.pr.leg.br/media/sapl/public/materialegislativa/2019/1837/578-2019.pdf","data_ultima_atualizacao":"2019-12-20T08:35:13.050491-03:00","ip":"187.94.159.57","ultima_edicao":"2019-12-20T08:12:42.852885-03:00","tipo":3,"regime_tramitacao":6,"tipo_origem_externa":null,"local_origem_externa":null,"user":138,"anexadas":[],"autores":[13]}