{"id":1462,"__str__":"Requerimento n\u00ba 240 de 2019","link_detail_backend":"/materia/1462","metadata":{},"numero":240,"ano":2019,"numero_protocolo":null,"data_apresentacao":"2019-04-29","tipo_apresentacao":"E","data_publicacao":null,"numero_origem_externa":"","ano_origem_externa":null,"data_origem_externa":null,"apelido":"","dias_prazo":null,"data_fim_prazo":null,"em_tramitacao":false,"polemica":null,"objeto":"","complementar":null,"ementa":"A Ag\u00eancia Reguladora de Servi\u00e7os P\u00fablicos Delegados de Infraestrutura do Paran\u00e1 \u2013 Agepar, a Companhia de Saneamento do Paran\u00e1 \u2013 SANEPAR, ao Presidente da Assembl\u00e9ia Legislativa do Estado do Paran\u00e1 e ao Governador do Estado, encaminhando NOTA DE REP\u00daDIO em rela\u00e7\u00e3o ao aumento autorizado de 12,13% na fatura de \u00e1gua e esgoto para a popula\u00e7\u00e3o paranaense. Este aumento, al\u00e9m de ser reconhecidamente muito acima da infla\u00e7\u00e3o do per\u00edodo desde o \u00faltimo reajuste \u00e9 uma mostra da falta de transpar\u00eancia dada \u00e0 mat\u00e9ria pela Agepar e SANEPAR, surpreendendo negativamente, mais uma vez, o consumidor paranaense. Esta Casa de Leis repudia tal atitude e solicita que o reajuste seja urgentemente revisto, e que seja considerada a grave crise econ\u00f4mica por que passa o Pa\u00eds, e que j\u00e1 tem afligido o trabalhador brasileiro com o desemprego e baixos sal\u00e1rios.","indexacao":"","observacao":"","resultado":"","texto_original":"http://sapl.santoantoniodaplatina.pr.leg.br/media/sapl/public/materialegislativa/2019/1462/240-2019.pdf","data_ultima_atualizacao":"2019-05-20T11:17:34.252436-03:00","ip":"","ultima_edicao":null,"tipo":3,"regime_tramitacao":6,"tipo_origem_externa":null,"local_origem_externa":null,"user":null,"anexadas":[],"autores":[14]}